{"id":1273,"date":"2020-01-22T06:11:43","date_gmt":"2020-01-22T05:11:43","guid":{"rendered":"http:\/\/www.gosingchoir.de\/?p=1273"},"modified":"2020-08-04T13:15:50","modified_gmt":"2020-08-04T11:15:50","slug":"ein-chor-fuer-alle-faelle","status":"publish","type":"post","link":"https:\/\/www.gosingchoir.de\/en\/ein-chor-fuer-alle-faelle\/","title":{"rendered":"Ein Chor f\u00fcr alle F\u00e4lle"},"content":{"rendered":"<p>Musik in M\u00fcnchen. Ein toller Artikel in der S\u00fcddeutschen Zeitung vom 21. Januar 2020 \u00fcber den geplanten &#8220;GO SING CHOIR CHOIR&#8221;. Von Michael Bremmer. Zum Nachlesen f\u00fcr Euch <a href=\"https:\/\/www.sueddeutsche.de\/muenchen\/muenchen-junker-neuer-chor-1.4766610\">hier.<\/a><br \/>\n<a href=\"http:\/\/www.gosingchoir.de\/wp-content\/uploads\/2020\/01\/82577389_758718231289620_2811078527846187008_o.jpg\"><img loading=\"lazy\" decoding=\"async\" class=\"alignnone size-large wp-image-1279\" src=\"http:\/\/www.gosingchoir.de\/wp-content\/uploads\/2020\/01\/82577389_758718231289620_2811078527846187008_o-1024x576.jpg\" alt=\"\" width=\"840\" height=\"473\" srcset=\"https:\/\/www.gosingchoir.de\/wp-content\/uploads\/2020\/01\/82577389_758718231289620_2811078527846187008_o-1024x576.jpg 1024w, https:\/\/www.gosingchoir.de\/wp-content\/uploads\/2020\/01\/82577389_758718231289620_2811078527846187008_o-300x169.jpg 300w, https:\/\/www.gosingchoir.de\/wp-content\/uploads\/2020\/01\/82577389_758718231289620_2811078527846187008_o-768x432.jpg 768w, https:\/\/www.gosingchoir.de\/wp-content\/uploads\/2020\/01\/82577389_758718231289620_2811078527846187008_o-1200x675.jpg 1200w, https:\/\/www.gosingchoir.de\/wp-content\/uploads\/2020\/01\/82577389_758718231289620_2811078527846187008_o.jpg 1866w\" sizes=\"auto, (max-width: 709px) 85vw, (max-width: 909px) 67vw, (max-width: 1362px) 62vw, 840px\" \/><\/a><\/p>\n","protected":false},"excerpt":{"rendered":"<p>Musik in M\u00fcnchen. Ein toller Artikel in der S\u00fcddeutschen Zeitung vom 21. Januar 2020 \u00fcber den geplanten &#8220;GO SING CHOIR CHOIR&#8221;. Von Michael Bremmer. Zum Nachlesen f\u00fcr Euch hier.<\/p>\n","protected":false},"author":2,"featured_media":0,"comment_status":"closed","ping_status":"closed","sticky":false,"template":"","format":"image","meta":{"footnotes":""},"categories":[19],"tags":[],"class_list":["post-1273","post","type-post","status-publish","format-image","hentry","category-presse","post_format-post-format-image"],"translation":{"provider":"WPGlobus","version":"3.0.0","language":"en","enabled_languages":["de","en"],"languages":{"de":{"title":true,"content":true,"excerpt":false},"en":{"title":false,"content":false,"excerpt":false}}},"_links":{"self":[{"href":"https:\/\/www.gosingchoir.de\/en\/wp-json\/wp\/v2\/posts\/1273","targetHints":{"allow":["GET"]}}],"collection":[{"href":"https:\/\/www.gosingchoir.de\/en\/wp-json\/wp\/v2\/posts"}],"about":[{"href":"https:\/\/www.gosingchoir.de\/en\/wp-json\/wp\/v2\/types\/post"}],"author":[{"embeddable":true,"href":"https:\/\/www.gosingchoir.de\/en\/wp-json\/wp\/v2\/users\/2"}],"replies":[{"embeddable":true,"href":"https:\/\/www.gosingchoir.de\/en\/wp-json\/wp\/v2\/comments?post=1273"}],"version-history":[{"count":4,"href":"https:\/\/www.gosingchoir.de\/en\/wp-json\/wp\/v2\/posts\/1273\/revisions"}],"predecessor-version":[{"id":2305,"href":"https:\/\/www.gosingchoir.de\/en\/wp-json\/wp\/v2\/posts\/1273\/revisions\/2305"}],"wp:attachment":[{"href":"https:\/\/www.gosingchoir.de\/en\/wp-json\/wp\/v2\/media?parent=1273"}],"wp:term":[{"taxonomy":"category","embeddable":true,"href":"https:\/\/www.gosingchoir.de\/en\/wp-json\/wp\/v2\/categories?post=1273"},{"taxonomy":"post_tag","embeddable":true,"href":"https:\/\/www.gosingchoir.de\/en\/wp-json\/wp\/v2\/tags?post=1273"}],"curies":[{"name":"wp","href":"https:\/\/api.w.org\/{rel}","templated":true}]}}