{"id":2831,"date":"2021-08-11T07:38:12","date_gmt":"2021-08-11T05:38:12","guid":{"rendered":"https:\/\/www.gosingchoir.de\/?p=2831"},"modified":"2021-08-31T17:16:35","modified_gmt":"2021-08-31T15:16:35","slug":"go-sing-choir-am-05-09-fuer-euch-da","status":"publish","type":"post","link":"https:\/\/www.gosingchoir.de\/en\/go-sing-choir-am-05-09-fuer-euch-da\/","title":{"rendered":"GO SING CHOIR am 05.09. f\u00fcr Euch da!"},"content":{"rendered":"<p><a href=\"https:\/\/www.gosingchoir.de\/wp-content\/uploads\/2021\/08\/GSC.jpg\"><img loading=\"lazy\" decoding=\"async\" class=\"alignnone size-medium wp-image-2835\" src=\"https:\/\/www.gosingchoir.de\/wp-content\/uploads\/2021\/08\/GSC-800x293.jpg\" alt=\"\" width=\"800\" height=\"293\" srcset=\"https:\/\/www.gosingchoir.de\/wp-content\/uploads\/2021\/08\/GSC-800x293.jpg 800w, https:\/\/www.gosingchoir.de\/wp-content\/uploads\/2021\/08\/GSC-1024x375.jpg 1024w, https:\/\/www.gosingchoir.de\/wp-content\/uploads\/2021\/08\/GSC-300x110.jpg 300w, https:\/\/www.gosingchoir.de\/wp-content\/uploads\/2021\/08\/GSC-768x281.jpg 768w, https:\/\/www.gosingchoir.de\/wp-content\/uploads\/2021\/08\/GSC-1536x562.jpg 1536w, https:\/\/www.gosingchoir.de\/wp-content\/uploads\/2021\/08\/GSC-1200x439.jpg 1200w, https:\/\/www.gosingchoir.de\/wp-content\/uploads\/2021\/08\/GSC.jpg 1919w\" sizes=\"auto, (max-width: 709px) 85vw, (max-width: 909px) 67vw, (max-width: 984px) 61vw, (max-width: 1362px) 45vw, 600px\" \/><\/a><br \/>\nLeider m\u00fcssen wir auch den GO SING CHOIR am 08.08. absagen, da wir bis Donnerstag immer noch eine \u201everbotene Veranstaltung\u201c waren und bisher immer noch nicht die notwendigen Genehmigungen haben.<br \/>\nAber es gibt Hoffnung, dass wir zumindest am 05.09. als \u201ekulturelle Veranstaltung\u201c wieder gemeinsam singen d\u00fcrfen.<br \/>\nEin riesengro\u00dfes Dankesch\u00f6n an die vielen S\u00e4ngerInnen, die uns in dieser schwierigen Zeit unterst\u00fctzt haben.<br \/>\nEin besonderer Dank f\u00fcr Eure Zeit und Euren tatkr\u00e4ftigen Einsatz, geht an:<br \/>\nJutta Engels (wenn ihr eine super Anw\u00e4ltin braucht!), Sabrina Seitz, Christina Bergers, Silke Roters, Verband der M\u00fcnchener Kulturveranstalter, K&amp;E Rechtsanw\u00e4lte f\u00fcr Kultur &amp; Entertainment (Thomas Hieber ??) und nicht zuletzt Lisa Taubert \u2764\ufe0f<\/p>\n","protected":false},"excerpt":{"rendered":"<p>Leider m\u00fcssen wir auch den GO SING CHOIR am 08.08. absagen, da wir bis Donnerstag immer noch eine \u201everbotene Veranstaltung\u201c waren und bisher immer noch nicht die notwendigen Genehmigungen haben. Aber es gibt Hoffnung, dass wir zumindest am 05.09. als \u201ekulturelle Veranstaltung\u201c wieder gemeinsam singen d\u00fcrfen. Ein riesengro\u00dfes Dankesch\u00f6n an die vielen S\u00e4ngerInnen, die uns &hellip; <a href=\"https:\/\/www.gosingchoir.de\/en\/go-sing-choir-am-05-09-fuer-euch-da\/\" class=\"more-link\">Continue reading<span class=\"screen-reader-text\"> &#8220;GO SING CHOIR am 05.09. f\u00fcr Euch da!&#8221;<\/span><\/a><\/p>\n","protected":false},"author":2,"featured_media":0,"comment_status":"closed","ping_status":"closed","sticky":false,"template":"","format":"image","meta":{"footnotes":""},"categories":[1,12,13],"tags":[],"class_list":["post-2831","post","type-post","status-publish","format-image","hentry","category-allgemein","category-go-sing-choir-session","category-gsc-session","post_format-post-format-image"],"translation":{"provider":"WPGlobus","version":"3.0.0","language":"en","enabled_languages":["de","en"],"languages":{"de":{"title":true,"content":true,"excerpt":false},"en":{"title":false,"content":false,"excerpt":false}}},"_links":{"self":[{"href":"https:\/\/www.gosingchoir.de\/en\/wp-json\/wp\/v2\/posts\/2831","targetHints":{"allow":["GET"]}}],"collection":[{"href":"https:\/\/www.gosingchoir.de\/en\/wp-json\/wp\/v2\/posts"}],"about":[{"href":"https:\/\/www.gosingchoir.de\/en\/wp-json\/wp\/v2\/types\/post"}],"author":[{"embeddable":true,"href":"https:\/\/www.gosingchoir.de\/en\/wp-json\/wp\/v2\/users\/2"}],"replies":[{"embeddable":true,"href":"https:\/\/www.gosingchoir.de\/en\/wp-json\/wp\/v2\/comments?post=2831"}],"version-history":[{"count":2,"href":"https:\/\/www.gosingchoir.de\/en\/wp-json\/wp\/v2\/posts\/2831\/revisions"}],"predecessor-version":[{"id":2836,"href":"https:\/\/www.gosingchoir.de\/en\/wp-json\/wp\/v2\/posts\/2831\/revisions\/2836"}],"wp:attachment":[{"href":"https:\/\/www.gosingchoir.de\/en\/wp-json\/wp\/v2\/media?parent=2831"}],"wp:term":[{"taxonomy":"category","embeddable":true,"href":"https:\/\/www.gosingchoir.de\/en\/wp-json\/wp\/v2\/categories?post=2831"},{"taxonomy":"post_tag","embeddable":true,"href":"https:\/\/www.gosingchoir.de\/en\/wp-json\/wp\/v2\/tags?post=2831"}],"curies":[{"name":"wp","href":"https:\/\/api.w.org\/{rel}","templated":true}]}}